{"id":50,"date":"2014-05-05T05:03:00","date_gmt":"2014-05-05T03:03:00","guid":{"rendered":""},"modified":"2017-09-18T21:28:19","modified_gmt":"2017-09-18T19:28:19","slug":"sponsoring-purnima-mai-2014","status":"publish","type":"post","link":"https:\/\/blog.jfmeyer.be\/index.php\/2014\/05\/05\/sponsoring-purnima-mai-2014\/","title":{"rendered":"Sponsoring &#8211; Purnima &#8211; Mai 2014"},"content":{"rendered":"<div style=\"clear: both; text-align: center;\"><a href=\"https:\/\/blog.jfmeyer.be\/wp-content\/uploads\/2014\/05\/purnima-20140514-Large-.jpg\" style=\"clear: right; float: right; margin-bottom: 1em; margin-left: 1em;\"><img loading=\"lazy\" decoding=\"async\" border=\"0\" src=\"https:\/\/blog.jfmeyer.be\/wp-content\/uploads\/2014\/05\/purnima-20140514-Large-.jpg\" height=\"320\" width=\"239\" \/><\/a><\/div>\n<p>Mise a jour ce 15\/05\/2014 &#8230;<\/p>\n<div>\n<div style=\"text-align: justify;\"><i><span style=\"color: blue;\">A l\u2019initiative de L\u2019 <b>ASBL &nbsp;N\u00e9v\u00e9 trek<\/b> ( <a href=\"http:\/\/www.neve-trek.com\/\">www.neve-trek.com<\/a> ), active dans le secteur de la randonn\u00e9e sportive, une randonn\u00e9e a \u00e9t\u00e9 organis\u00e9e, \u00e0 Mozet, ce 1er Mai pour r\u00e9unir de l\u2019aide \u00e0 la scolarit\u00e9 de Purnima !<\/span><\/i><\/div>\n<div style=\"text-align: justify;\"><i><span style=\"color: blue;\">L\u2019objectif de cette randonn\u00e9e &nbsp;\u00e9tait &nbsp;de rassembler des randonneurs du club N\u00e9v\u00e9 et leurs invit\u00e9s. &nbsp;En \u00e9change de l\u2019organisation de cette randonn\u00e9e, tous les frais participatifs, quelques dons divers, ASBL et &nbsp;de personnes qui n\u2019ont pu participer mais soutenaient <b>le projet a permis une aide de &nbsp;410 \u20ac <\/b>&nbsp;!<\/span><\/i><\/div>\n<div style=\"text-align: justify;\"><i><span style=\"color: blue;\">Ce projet \u00e0 vocation sociale est la premi\u00e8re implication de l\u2019ASBL N\u00e9v\u00e9, en 12 ans, dans ce domaine.&nbsp;<\/span><\/i><\/div>\n<div style=\"text-align: justify;\"><i><span style=\"color: blue;\">N\u00e9v\u00e9-Trek a par le pass\u00e9 d\u00e9j\u00e0 particip\u00e9 \u00e0 plusieurs treks au N\u00e9pal , plusieurs de leurs &nbsp;membres connaissent le N\u00e9pal, Jean-Fran\u00e7ois et Purnima ! &nbsp;Il \u00e9tait donc important pour l\u2019ASBL non seulement de s&#8217;impliquer en tant qu\u2019association dans un projet caritatif mais aussi de soutenir &nbsp;Purnima et au futur, peut \u00eatre d&#8217;autres jeunes dans leurs scolarit\u00e9s.<\/span><\/i><\/div>\n<div style=\"text-align: justify;\"><i><span style=\"color: blue;\">Ce programme de &#8220;marches de soutien&#8221; sera r\u00e9p\u00e9t\u00e9 ult\u00e9rieurement, 1 ou 2 fois par an durant la scolarit\u00e9 de Purnima &nbsp;!&nbsp;<\/span><\/i><\/div>\n<div style=\"text-align: justify;\"><i><span style=\"color: blue;\">Prochain rendez-vous \u2026 en d\u00e9cembre ou janvier !&nbsp;<\/span><\/i><\/div>\n<div style=\"text-align: justify;\"><i><span style=\"color: blue;\">Pour les non membres de l\u2019ASBL, les infos seront fournies en temps utile sur la page FaceBook du club &nbsp;<a href=\"http:\/\/www.facebook.com\/nevetrek\">www.facebook.com\/nevetrek<\/a> ! &nbsp;<\/span><\/i><\/div>\n<div style=\"text-align: justify;\"><i><span style=\"color: blue;\">Manuel Bigot<\/span><\/i><\/div>\n<div><\/div>\n<div><span style=\"font-family: 'Times New Roman', serif; text-align: justify;\"><b>Vos dons s\u2019\u00e9l\u00e8vent en Mai 2014, a 2700 euros<\/b>, les d\u00e9penses actuelles (estim\u00e9es pour l\u2019ann\u00e9e acad\u00e9mique) a 2650 euros. Cela permettra de boucler cette ann\u00e9e 2013-2014.<\/span><\/div>\n<div>\n<div style=\"margin-bottom: 0cm; text-align: justify;\"><\/div>\n<div style=\"-webkit-text-stroke-width: 0px; font-family: 'Times New Roman'; font-size: medium; font-variant: normal; letter-spacing: normal; line-height: normal; margin: 0px 0px 0cm; orphans: auto; text-align: justify; text-indent: 0px; text-transform: none; white-space: normal; widows: auto; word-spacing: 0px;\"><span style=\"font-family: Times New Roman, serif;\">L\u2019op\u00e9ration <b><i><span style=\"color: blue;\">\u00ab&nbsp;Marche&nbsp;de sponsoring\u00bb<\/span><\/i> <\/b>initi\u00e9e par Neve-trek sera reconduite en fin d\u2019ann\u00e9e pour collecter une partie des fonds n\u00e9cessaires au payement des frais de minerval et internat (environ 700 euros) pour la rentr\u00e9e acad\u00e9mique de Novembre 2014.<\/span><\/div>\n<\/div>\n<div style=\"text-align: justify;\">Pour l&#8217;instant, elle etudie pour les examens des 2 semaines prochaines, plutot cloitree a l&#8217;ecole et l&#8217;internat.<\/div>\n<div style=\"text-align: justify;\">\n<div style=\"margin-bottom: 0cm;\"><span style=\"font-family: Times New Roman, serif;\"><br \/><\/span><\/div>\n<div style=\"margin-bottom: 0cm;\"><span style=\"font-family: Times New Roman, serif;\">Une courte visite ce mercredi 14\/05, mais pas de r\u00e9sultats donn\u00e9s, (\u00e9chec en physique d\u2019apr\u00e8s elle). Je vais lui demander de prendre quelques photos de leur internat.<\/span><\/div>\n<div style=\"margin-bottom: 0cm;\"><\/div>\n<\/div>\n<div style=\"text-align: justify;\"><i>Ce qui est bien dans un internat c&#8217;est que une fois les cours termines, tout le monde est concentre sur la meme chose et encourage\/stimule explicitement ou implicitement les autres a faire de meme (surtout les filles, y a que ca a l&#8217;internat) et le staff fait passer le meme message, vos etudes coutent cher, vous n&#8217;etes pas la pour vous tourner les pouces, travaillez !.<\/i><\/div>\n<div style=\"text-align: justify;\"><\/div>\n<div style=\"text-align: justify;\">Pour la suite nous verrons, le systeme au pouvoir change peu, et le developement en general ne semble pas etre une priorite meme si de par le pays quelques ONGs font localement du tres bon boulot. On peut prendre comme indicateur le taux d&#8217;immigration qui ne diminue pas: il est estime entre 1250 et 1500 Nepalais\/jour (soit 4.4 et 5.4 Mi\/an) . Cela fait beaucoup pour une population estimee entre 28 et 35 Mi d&#8217;habitants. Ces chiffres proviennent de publications officelles mais je ne peux garantir leur exactitude. Le salaire moyen reste autour de 700USD\/an avec de tres grandes disparites. Les etudes coutent donc tres cher a l&#8217;echelle locale pour un revenu qui reste tres bas avec peu de perspectives au niveau du pays.<\/div>\n<div style=\"text-align: justify;\"><\/div>\n<div style=\"text-align: justify;\"><i>&#8220;Nearly 1,500 Nepalis migrate abroad for work each day. At least 2.2 million Nepalis work abroad \u2013 and that figure is believed to be an undercount as many more cross the open border with India regularly. Last year they sent back about 4 billions USD, nearly a quarter of the country\u2019s gross domestic product.&#8221;<\/i><br \/><i>voir aussi cet <a href=\"http:\/\/www.thelongestwayhome.com\/blog\/nepal\/how-much-money-does-a-person-from-nepal-earn\/\" target=\"_blank\">article ci<\/a>&nbsp;<\/i><\/div>\n<div><\/div>\n<div>JF Meyer<\/div>\n<\/div>\n","protected":false},"excerpt":{"rendered":"<p>Mise a jour ce 15\/05\/2014 &#8230; A l\u2019initiative de L\u2019 ASBL &nbsp;N\u00e9v\u00e9 trek ( www.neve-trek.com ), active dans le secteur de la randonn\u00e9e sportive, une randonn\u00e9e a \u00e9t\u00e9 organis\u00e9e, \u00e0 Mozet, ce 1er Mai pour r\u00e9unir de l\u2019aide \u00e0 la scolarit\u00e9 de Purnima ! L\u2019objectif de cette randonn\u00e9e &nbsp;\u00e9tait &nbsp;de rassembler des randonneurs du club N\u00e9v\u00e9 et leurs invit\u00e9s. &nbsp;En \u00e9change de l\u2019organisation de cette randonn\u00e9e, tous les frais participatifs, quelques dons divers, ASBL et &nbsp;de personnes qui n\u2019ont pu participer mais soutenaient le projet a permis une aide de &nbsp;410 \u20ac &nbsp;! Ce projet \u00e0 vocation sociale est la premi\u00e8re implication de l\u2019ASBL N\u00e9v\u00e9, en 12 ans, dans ce domaine.&nbsp; N\u00e9v\u00e9-Trek a par le pass\u00e9 d\u00e9j\u00e0 particip\u00e9 \u00e0 plusieurs treks au N\u00e9pal , plusieurs de leurs &nbsp;membres connaissent le N\u00e9pal, Jean-Fran\u00e7ois et Purnima ! &nbsp;Il \u00e9tait donc important pour l\u2019ASBL non seulement de s&#8217;impliquer en tant qu\u2019association dans un projet caritatif mais aussi de soutenir &nbsp;Purnima et au futur, peut \u00eatre d&#8217;autres jeunes dans leurs scolarit\u00e9s. Ce programme de &#8220;marches de soutien&#8221; sera r\u00e9p\u00e9t\u00e9 ult\u00e9rieurement, 1 ou 2 fois par an durant la scolarit\u00e9 de Purnima &nbsp;!&nbsp; Prochain rendez-vous \u2026 en d\u00e9cembre ou janvier !&nbsp; Pour les non membres de l\u2019ASBL, les infos seront fournies en temps utile sur la page FaceBook du club &nbsp;www.facebook.com\/nevetrek ! &nbsp; Manuel Bigot Vos dons s\u2019\u00e9l\u00e8vent en Mai 2014, a 2700 euros, les d\u00e9penses actuelles (estim\u00e9es pour l\u2019ann\u00e9e acad\u00e9mique) a 2650 euros. Cela permettra de boucler cette ann\u00e9e 2013-2014. L\u2019op\u00e9ration \u00ab&nbsp;Marche&nbsp;de sponsoring\u00bb initi\u00e9e&#8230; <a href=\"https:\/\/blog.jfmeyer.be\/index.php\/2014\/05\/05\/sponsoring-purnima-mai-2014\/\" class=\"readmore\">la suite (read more) &#8230;<span class=\"screen-reader-text\">&#8220;Sponsoring &#8211; Purnima &#8211; Mai 2014&#8221;<\/span><\/a><\/p>\n","protected":false},"author":2,"featured_media":180,"comment_status":"closed","ping_status":"open","sticky":false,"template":"","format":"standard","meta":{"footnotes":""},"categories":[1],"tags":[],"class_list":["post-50","post","type-post","status-publish","format-standard","has-post-thumbnail","hentry","category-non-classe"],"_links":{"self":[{"href":"https:\/\/blog.jfmeyer.be\/index.php\/wp-json\/wp\/v2\/posts\/50","targetHints":{"allow":["GET"]}}],"collection":[{"href":"https:\/\/blog.jfmeyer.be\/index.php\/wp-json\/wp\/v2\/posts"}],"about":[{"href":"https:\/\/blog.jfmeyer.be\/index.php\/wp-json\/wp\/v2\/types\/post"}],"author":[{"embeddable":true,"href":"https:\/\/blog.jfmeyer.be\/index.php\/wp-json\/wp\/v2\/users\/2"}],"replies":[{"embeddable":true,"href":"https:\/\/blog.jfmeyer.be\/index.php\/wp-json\/wp\/v2\/comments?post=50"}],"version-history":[{"count":1,"href":"https:\/\/blog.jfmeyer.be\/index.php\/wp-json\/wp\/v2\/posts\/50\/revisions"}],"predecessor-version":[{"id":181,"href":"https:\/\/blog.jfmeyer.be\/index.php\/wp-json\/wp\/v2\/posts\/50\/revisions\/181"}],"wp:featuredmedia":[{"embeddable":true,"href":"https:\/\/blog.jfmeyer.be\/index.php\/wp-json\/wp\/v2\/media\/180"}],"wp:attachment":[{"href":"https:\/\/blog.jfmeyer.be\/index.php\/wp-json\/wp\/v2\/media?parent=50"}],"wp:term":[{"taxonomy":"category","embeddable":true,"href":"https:\/\/blog.jfmeyer.be\/index.php\/wp-json\/wp\/v2\/categories?post=50"},{"taxonomy":"post_tag","embeddable":true,"href":"https:\/\/blog.jfmeyer.be\/index.php\/wp-json\/wp\/v2\/tags?post=50"}],"curies":[{"name":"wp","href":"https:\/\/api.w.org\/{rel}","templated":true}]}}